{"id":785,"date":"2017-07-12T10:17:36","date_gmt":"2017-07-12T09:17:36","guid":{"rendered":"http:\/\/www.scout-rangueil.fr\/?p=785"},"modified":"2017-07-12T10:17:36","modified_gmt":"2017-07-12T09:17:36","slug":"news-de-juillet","status":"publish","type":"post","link":"https:\/\/sgdf-rangueil.fr\/?p=785","title":{"rendered":"News de Juillet"},"content":{"rendered":"<p>L&rsquo;ann\u00e9e se termine, comme tous les ans avec les camps et la pr\u00e9paration de la rentr\u00e9e<\/p>\n<p><img loading=\"lazy\" class=\"wp-image-111 alignleft\" src=\"http:\/\/www.scout-rangueil.fr\/wp-content\/uploads\/2015\/12\/Tente.jpg\" alt=\"Tente\" width=\"181\" height=\"121\" \/>Pour les camps, direction l&rsquo;Aude, \u00a0l&rsquo;Aveyron, le Tarn en Savoie, Haute-Garonne ou bien plus loin pour nos compagnons 2i\u00e8me temps (Mac\u00e9doine et Cambodge).<\/p>\n<p>Une nouvelle \u00e9quipe de groupe s&rsquo;est <img loading=\"lazy\" class=\"wp-image-724 alignright\" src=\"http:\/\/www.scout-rangueil.fr\/wp-content\/uploads\/2017\/05\/DSC_0076-800x535.jpg\" alt=\"DSC_0076 (800x535)\" width=\"170\" height=\"114\" \/>constitu\u00e9e en cette fin d&rsquo;ann\u00e9e, et \u00a0pr\u00e9pare d\u00e8s \u00e0 pr\u00e9sent la rentr\u00e9e. Nous donnerons des infos par email ou via ce site des que les choses seront cal\u00e9es.<\/p>\n<p>En attendant, <strong>souhaitons leur bonne route<\/strong> \u00e0 tous!<\/p>\n<p>&nbsp;<\/p>\n<p><img loading=\"lazy\" class=\"wp-image-287 alignleft\" src=\"http:\/\/www.scout-rangueil.fr\/wp-content\/uploads\/2016\/04\/reminder-23771__180.png\" alt=\"reminder-23771__180\" width=\"44\" height=\"66\" \/>Nota\u00a0:\u00a0Si vous avez\u00a0envie de faire de l&rsquo;animation, \u00a0ou si vous connaissez des jeunes adultes qui souhaitent en faire, notre groupe recrute des chefs \/ chetaines pour la rentr\u00e9e 2017.<\/p>\n","protected":false},"excerpt":{"rendered":"<p>L&rsquo;ann\u00e9e se termine, comme tous les ans avec les camps et la pr\u00e9paration de la rentr\u00e9e Pour les camps, direction l&rsquo;Aude, \u00a0l&rsquo;Aveyron, le Tarn en Savoie, Haute-Garonne ou bien plus loin pour nos compagnons 2i\u00e8me temps (Mac\u00e9doine et Cambodge). Une<\/p>\n","protected":false},"author":1,"featured_media":0,"comment_status":"open","ping_status":"open","sticky":false,"template":"","format":"standard","meta":[],"categories":[1,25],"tags":[],"_links":{"self":[{"href":"https:\/\/sgdf-rangueil.fr\/index.php?rest_route=\/wp\/v2\/posts\/785"}],"collection":[{"href":"https:\/\/sgdf-rangueil.fr\/index.php?rest_route=\/wp\/v2\/posts"}],"about":[{"href":"https:\/\/sgdf-rangueil.fr\/index.php?rest_route=\/wp\/v2\/types\/post"}],"author":[{"embeddable":true,"href":"https:\/\/sgdf-rangueil.fr\/index.php?rest_route=\/wp\/v2\/users\/1"}],"replies":[{"embeddable":true,"href":"https:\/\/sgdf-rangueil.fr\/index.php?rest_route=%2Fwp%2Fv2%2Fcomments&post=785"}],"version-history":[{"count":0,"href":"https:\/\/sgdf-rangueil.fr\/index.php?rest_route=\/wp\/v2\/posts\/785\/revisions"}],"wp:attachment":[{"href":"https:\/\/sgdf-rangueil.fr\/index.php?rest_route=%2Fwp%2Fv2%2Fmedia&parent=785"}],"wp:term":[{"taxonomy":"category","embeddable":true,"href":"https:\/\/sgdf-rangueil.fr\/index.php?rest_route=%2Fwp%2Fv2%2Fcategories&post=785"},{"taxonomy":"post_tag","embeddable":true,"href":"https:\/\/sgdf-rangueil.fr\/index.php?rest_route=%2Fwp%2Fv2%2Ftags&post=785"}],"curies":[{"name":"wp","href":"https:\/\/api.w.org\/{rel}","templated":true}]}}