{"id":663,"date":"2017-01-18T22:38:58","date_gmt":"2017-01-18T21:38:58","guid":{"rendered":"http:\/\/www.scout-rangueil.fr\/?p=663"},"modified":"2017-01-18T22:38:58","modified_gmt":"2017-01-18T21:38:58","slug":"fete-de-lepiphanie","status":"publish","type":"post","link":"https:\/\/sgdf-rangueil.fr\/?p=663","title":{"rendered":"F\u00eate de l&rsquo;Epiphanie"},"content":{"rendered":"<p><b>Programme du 21 janvier<\/b><br \/>\n<img loading=\"lazy\" class=\"wp-image-611 alignleft\" src=\"http:\/\/www.scout-rangueil.fr\/wp-content\/uploads\/2016\/11\/P1020245-e1479322619368.jpg\" alt=\"p1020245\" width=\"105\" height=\"78\" \/>F\u00eate de l&rsquo;\u00e9piphanie dans le groupe avec au programme les r\u00e9unions des jeunes, puis \u00e0 16h45 arriv\u00e9e des familles, 17h messe, \u00a0suivie du repas et du spectacle des unit\u00e9s.<\/p>\n<p>Si vous n&rsquo;\u00eates pas incrits au repas, contactez l&rsquo;\u00e9quipe de compas <img loading=\"lazy\" class=\"wp-image-617 alignright\" src=\"http:\/\/www.scout-rangueil.fr\/wp-content\/uploads\/2016\/11\/compatibles-e1480711475995.jpg\" alt=\"compatibles\" width=\"132\" height=\"225\" \/>1er temps. \u00a0Le repas est pr\u00e9par\u00e9 par l&rsquo;\u00e9quipe de compas 1er temps, les b\u00e9n\u00e9fices r\u00e9alis\u00e9s financent une part de leur projet solidaire pr\u00e9vu \u00e0 l&rsquo;\u00e9t\u00e9 2018.<\/p>\n<p><img loading=\"lazy\" class=\"wp-image-241 alignleft\" src=\"http:\/\/www.scout-rangueil.fr\/wp-content\/uploads\/2016\/04\/t\u00e9l\u00e9chargement.png\" alt=\"t\u00e9l\u00e9chargement\" width=\"59\" height=\"60\" \/>Les musiciens sont attendus des 13h30 pour une r\u00e9p\u00e9tition. Les partitions sont\u00a0<a href=\"http:\/\/www.scout-rangueil.fr\/informations-pratiques\/partitions-week-end-de-groupe-2016\/\">l\u00e0<\/a>.<\/p>\n<p>&nbsp;<\/p>\n","protected":false},"excerpt":{"rendered":"<p>Programme du 21 janvier F\u00eate de l&rsquo;\u00e9piphanie dans le groupe avec au programme les r\u00e9unions des jeunes, puis \u00e0 16h45 arriv\u00e9e des familles, 17h messe, \u00a0suivie du repas et du spectacle des unit\u00e9s. Si vous n&rsquo;\u00eates pas incrits au repas,<\/p>\n","protected":false},"author":1,"featured_media":0,"comment_status":"open","ping_status":"open","sticky":false,"template":"","format":"standard","meta":[],"categories":[25],"tags":[],"_links":{"self":[{"href":"https:\/\/sgdf-rangueil.fr\/index.php?rest_route=\/wp\/v2\/posts\/663"}],"collection":[{"href":"https:\/\/sgdf-rangueil.fr\/index.php?rest_route=\/wp\/v2\/posts"}],"about":[{"href":"https:\/\/sgdf-rangueil.fr\/index.php?rest_route=\/wp\/v2\/types\/post"}],"author":[{"embeddable":true,"href":"https:\/\/sgdf-rangueil.fr\/index.php?rest_route=\/wp\/v2\/users\/1"}],"replies":[{"embeddable":true,"href":"https:\/\/sgdf-rangueil.fr\/index.php?rest_route=%2Fwp%2Fv2%2Fcomments&post=663"}],"version-history":[{"count":0,"href":"https:\/\/sgdf-rangueil.fr\/index.php?rest_route=\/wp\/v2\/posts\/663\/revisions"}],"wp:attachment":[{"href":"https:\/\/sgdf-rangueil.fr\/index.php?rest_route=%2Fwp%2Fv2%2Fmedia&parent=663"}],"wp:term":[{"taxonomy":"category","embeddable":true,"href":"https:\/\/sgdf-rangueil.fr\/index.php?rest_route=%2Fwp%2Fv2%2Fcategories&post=663"},{"taxonomy":"post_tag","embeddable":true,"href":"https:\/\/sgdf-rangueil.fr\/index.php?rest_route=%2Fwp%2Fv2%2Ftags&post=663"}],"curies":[{"name":"wp","href":"https:\/\/api.w.org\/{rel}","templated":true}]}}