{"id":2966,"date":"2020-03-07T09:22:33","date_gmt":"2020-03-07T08:22:33","guid":{"rendered":"https:\/\/sgdf-rangueil.fr\/?p=2966"},"modified":"2020-04-27T08:59:37","modified_gmt":"2020-04-27T06:59:37","slug":"vent-du-large-pret-a-larguer-les-amarres","status":"publish","type":"post","link":"https:\/\/sgdf-rangueil.fr\/?p=2966","title":{"rendered":"Vent du Large : pr\u00eat \u00e0 larguer les amarres ;-)"},"content":{"rendered":"<p>Le projet d&rsquo;ouverture de l&rsquo;unit\u00e9 Vent du Large prend forme.<\/p>\n<p>Nous avons 6 co-\u00e9quipiers (chefs) pr\u00eat \u00e0 s&rsquo;investir dans l&rsquo;unit\u00e9 (merci \u00e0 &#8211; dans l&rsquo;ordre alphab\u00e9tique &#8211; C\u00e9lia, Charles, Cl\u00e9mence,Constance, Mano et Thomas). De nombreuses autres personnes sont pr\u00eates \u00e0 donner des coup de main ponctuels (dans le d\u00e9sordre : Emmanuel, Manon, Emmanuel, Aymeric, Ren\u00e9e, Jennifer, Val\u00e9rie, &#8230;) et m\u00eame une mascotte : Lucie\u00a0 .<\/p>\n<p>Une premi\u00e8re r\u00e9union de lancement avait initialement pr\u00e9vue le 4 Avril. Suite \u00e0 l&rsquo;\u00e9pid\u00e9mie de Covid-19, il nous a sembl\u00e9 plus raisonnable d&rsquo;annuler cette r\u00e9union qui aurait rassembl\u00e9 des personne potentiellement fragiles venant d&rsquo;environnements diff\u00e9rents.<\/p>\n<p>La pr\u00e9sentation officielle de la nouvelle unit\u00e9 \u00e0 l&rsquo;ensemble du groupe initialement pr\u00e9vue pendant le WE de groupe se fera probablement lors des mont\u00e9es 2020.<\/p>\n<p><strong>L&rsquo;objectif de 2\/3 r\u00e9unions et\/ou WE + 1 mini camp de 3 jours d&rsquo;ici cet \u00e9t\u00e9 est maintenu.<\/strong><\/p>\n<p>L&rsquo;\u00e9quipe d&rsquo;encadrement \u00e9tant form\u00e9e, nous allons maintenant activement recruter des scouts-guides pour l&rsquo;unit\u00e9 (4 ou 5 identifi\u00e9s pour le moment). A la vue de l&rsquo;\u00e9quipe d&rsquo;encadrement, un d\u00e9marrage avec 10-15 Scouts Guides nous semble r\u00e9aliste. Une communication \u00e0 largement diffus\u00e9e va bient\u00f4t arriver (fin mars), nous compterons sur vous \ud83d\ude09<\/p>\n<p>Et n&rsquo;oubliez pas : <i><span style=\"font-weight: 400;\">\u201cLa meilleure mani\u00e8re d&rsquo;atteindre le bonheur est de le r\u00e9pandre autour de vous\u201d<\/span><\/i><\/p>\n<p>Amiti\u00e9s Scoutes<\/p>\n","protected":false},"excerpt":{"rendered":"<p>Le projet d&rsquo;ouverture de l&rsquo;unit\u00e9 Vent du Large prend forme. Nous avons 6 co-\u00e9quipiers (chefs) pr\u00eat \u00e0 s&rsquo;investir dans l&rsquo;unit\u00e9 (merci \u00e0 &#8211; dans l&rsquo;ordre alphab\u00e9tique &#8211; C\u00e9lia, Charles, Cl\u00e9mence,Constance, Mano et Thomas). De nombreuses autres personnes sont pr\u00eates \u00e0<\/p>\n","protected":false},"author":2,"featured_media":2956,"comment_status":"open","ping_status":"open","sticky":false,"template":"","format":"standard","meta":[],"categories":[90],"tags":[],"_links":{"self":[{"href":"https:\/\/sgdf-rangueil.fr\/index.php?rest_route=\/wp\/v2\/posts\/2966"}],"collection":[{"href":"https:\/\/sgdf-rangueil.fr\/index.php?rest_route=\/wp\/v2\/posts"}],"about":[{"href":"https:\/\/sgdf-rangueil.fr\/index.php?rest_route=\/wp\/v2\/types\/post"}],"author":[{"embeddable":true,"href":"https:\/\/sgdf-rangueil.fr\/index.php?rest_route=\/wp\/v2\/users\/2"}],"replies":[{"embeddable":true,"href":"https:\/\/sgdf-rangueil.fr\/index.php?rest_route=%2Fwp%2Fv2%2Fcomments&post=2966"}],"version-history":[{"count":2,"href":"https:\/\/sgdf-rangueil.fr\/index.php?rest_route=\/wp\/v2\/posts\/2966\/revisions"}],"predecessor-version":[{"id":2968,"href":"https:\/\/sgdf-rangueil.fr\/index.php?rest_route=\/wp\/v2\/posts\/2966\/revisions\/2968"}],"wp:featuredmedia":[{"embeddable":true,"href":"https:\/\/sgdf-rangueil.fr\/index.php?rest_route=\/wp\/v2\/media\/2956"}],"wp:attachment":[{"href":"https:\/\/sgdf-rangueil.fr\/index.php?rest_route=%2Fwp%2Fv2%2Fmedia&parent=2966"}],"wp:term":[{"taxonomy":"category","embeddable":true,"href":"https:\/\/sgdf-rangueil.fr\/index.php?rest_route=%2Fwp%2Fv2%2Fcategories&post=2966"},{"taxonomy":"post_tag","embeddable":true,"href":"https:\/\/sgdf-rangueil.fr\/index.php?rest_route=%2Fwp%2Fv2%2Ftags&post=2966"}],"curies":[{"name":"wp","href":"https:\/\/api.w.org\/{rel}","templated":true}]}}