{"id":2828,"date":"2019-07-30T12:54:47","date_gmt":"2019-07-30T10:54:47","guid":{"rendered":"http:\/\/sgdf-rangueil.fr\/?p=2828"},"modified":"2019-08-17T08:35:16","modified_gmt":"2019-08-17T06:35:16","slug":"camp-compagnon-t2-cote-divoire-2019","status":"publish","type":"post","link":"https:\/\/sgdf-rangueil.fr\/?p=2828","title":{"rendered":"Camp compagnon T2 CompaCabanas C\u00f4te d&rsquo;ivoire 2019"},"content":{"rendered":"\n<p>Voici les photos en direct de la c\u00f4te d&rsquo;ivoire o\u00f9 se d\u00e9roule le projet des compas T2.<\/p>\n\n\n\n<!--more-->\n\n\n\n<ul class=\"wp-block-gallery columns-2 is-cropped\"><li class=\"blocks-gallery-item\"><figure><a href=\"http:\/\/sgdf-rangueil.fr\/wp-content\/uploads\/2019\/07\/IMG-20190727-WA0014.jpg\"><img loading=\"lazy\" width=\"1000\" height=\"750\" src=\"http:\/\/sgdf-rangueil.fr\/wp-content\/uploads\/2019\/07\/IMG-20190727-WA0014.jpg\" alt=\"\" data-id=\"2830\" data-link=\"http:\/\/sgdf-rangueil.fr\/?attachment_id=2830\" class=\"wp-image-2830\" srcset=\"https:\/\/sgdf-rangueil.fr\/wp-content\/uploads\/2019\/07\/IMG-20190727-WA0014.jpg 1000w, https:\/\/sgdf-rangueil.fr\/wp-content\/uploads\/2019\/07\/IMG-20190727-WA0014-300x225.jpg 300w, https:\/\/sgdf-rangueil.fr\/wp-content\/uploads\/2019\/07\/IMG-20190727-WA0014-768x576.jpg 768w\" sizes=\"(max-width: 1000px) 100vw, 1000px\" \/><\/a><\/figure><\/li><li class=\"blocks-gallery-item\"><figure><a href=\"http:\/\/sgdf-rangueil.fr\/wp-content\/uploads\/2019\/07\/IMG-20190714-WA0000-1024x768.jpg\"><img loading=\"lazy\" width=\"1024\" height=\"768\" src=\"http:\/\/sgdf-rangueil.fr\/wp-content\/uploads\/2019\/07\/IMG-20190714-WA0000-1024x768.jpg\" alt=\"\" data-id=\"2831\" data-link=\"http:\/\/sgdf-rangueil.fr\/?attachment_id=2831\" class=\"wp-image-2831\" srcset=\"https:\/\/sgdf-rangueil.fr\/wp-content\/uploads\/2019\/07\/IMG-20190714-WA0000-1024x768.jpg 1024w, https:\/\/sgdf-rangueil.fr\/wp-content\/uploads\/2019\/07\/IMG-20190714-WA0000-300x225.jpg 300w, https:\/\/sgdf-rangueil.fr\/wp-content\/uploads\/2019\/07\/IMG-20190714-WA0000-768x576.jpg 768w, https:\/\/sgdf-rangueil.fr\/wp-content\/uploads\/2019\/07\/IMG-20190714-WA0000.jpg 1600w\" sizes=\"(max-width: 1024px) 100vw, 1024px\" \/><\/a><\/figure><\/li><li class=\"blocks-gallery-item\"><figure><a href=\"http:\/\/sgdf-rangueil.fr\/wp-content\/uploads\/2019\/07\/IMG-20190727-WA0011.jpg\"><img loading=\"lazy\" width=\"1000\" height=\"750\" src=\"http:\/\/sgdf-rangueil.fr\/wp-content\/uploads\/2019\/07\/IMG-20190727-WA0011.jpg\" alt=\"\" data-id=\"2832\" data-link=\"http:\/\/sgdf-rangueil.fr\/?attachment_id=2832\" class=\"wp-image-2832\" srcset=\"https:\/\/sgdf-rangueil.fr\/wp-content\/uploads\/2019\/07\/IMG-20190727-WA0011.jpg 1000w, https:\/\/sgdf-rangueil.fr\/wp-content\/uploads\/2019\/07\/IMG-20190727-WA0011-300x225.jpg 300w, https:\/\/sgdf-rangueil.fr\/wp-content\/uploads\/2019\/07\/IMG-20190727-WA0011-768x576.jpg 768w\" sizes=\"(max-width: 1000px) 100vw, 1000px\" \/><\/a><\/figure><\/li><\/ul>\n\n\n\n<p>\/<\/p>\n","protected":false},"excerpt":{"rendered":"<p>Voici les photos en direct de la c\u00f4te d&rsquo;ivoire o\u00f9 se d\u00e9roule le projet des compas T2.<\/p>\n","protected":false},"author":2,"featured_media":2830,"comment_status":"open","ping_status":"open","sticky":false,"template":"","format":"standard","meta":[],"categories":[12],"tags":[],"_links":{"self":[{"href":"https:\/\/sgdf-rangueil.fr\/index.php?rest_route=\/wp\/v2\/posts\/2828"}],"collection":[{"href":"https:\/\/sgdf-rangueil.fr\/index.php?rest_route=\/wp\/v2\/posts"}],"about":[{"href":"https:\/\/sgdf-rangueil.fr\/index.php?rest_route=\/wp\/v2\/types\/post"}],"author":[{"embeddable":true,"href":"https:\/\/sgdf-rangueil.fr\/index.php?rest_route=\/wp\/v2\/users\/2"}],"replies":[{"embeddable":true,"href":"https:\/\/sgdf-rangueil.fr\/index.php?rest_route=%2Fwp%2Fv2%2Fcomments&post=2828"}],"version-history":[{"count":3,"href":"https:\/\/sgdf-rangueil.fr\/index.php?rest_route=\/wp\/v2\/posts\/2828\/revisions"}],"predecessor-version":[{"id":2853,"href":"https:\/\/sgdf-rangueil.fr\/index.php?rest_route=\/wp\/v2\/posts\/2828\/revisions\/2853"}],"wp:featuredmedia":[{"embeddable":true,"href":"https:\/\/sgdf-rangueil.fr\/index.php?rest_route=\/wp\/v2\/media\/2830"}],"wp:attachment":[{"href":"https:\/\/sgdf-rangueil.fr\/index.php?rest_route=%2Fwp%2Fv2%2Fmedia&parent=2828"}],"wp:term":[{"taxonomy":"category","embeddable":true,"href":"https:\/\/sgdf-rangueil.fr\/index.php?rest_route=%2Fwp%2Fv2%2Fcategories&post=2828"},{"taxonomy":"post_tag","embeddable":true,"href":"https:\/\/sgdf-rangueil.fr\/index.php?rest_route=%2Fwp%2Fv2%2Ftags&post=2828"}],"curies":[{"name":"wp","href":"https:\/\/api.w.org\/{rel}","templated":true}]}}