{"id":2381,"date":"2019-01-13T10:53:06","date_gmt":"2019-01-13T09:53:06","guid":{"rendered":"http:\/\/sgdf-rangueil.fr\/?p=2381"},"modified":"2019-02-16T10:23:23","modified_gmt":"2019-02-16T09:23:23","slug":"fete-de-lepiphanie-2","status":"publish","type":"post","link":"https:\/\/sgdf-rangueil.fr\/?p=2381","title":{"rendered":"F\u00eate de l&rsquo;\u00e9piphanie"},"content":{"rendered":"<p>Bonjour \u00e0 tous,<\/p>\n<div>No\u00ebl approche\u2026<\/div>\n<div>\n<div>Tout comme la&nbsp;<b>f\u00eate de l\u2019<span class=\"mark4wwgw0zwa\" data-markjs=\"true\">\u00e9piphanie<\/span>&nbsp;du groupe,<\/b><\/div>\n<div>le<b>19 janvier 2019<\/b>&nbsp;!<\/div>\n<\/div>\n<p><!--more--><\/p>\n<div>La f\u00eate d\u00e9butera par une&nbsp;<b>messe&nbsp;<\/b>aux Dominicains \u00e0&nbsp;<b>16h45.<\/b><\/div>\n<div>Elle sera suivie d\u2019un ap\u00e9ritif pr\u00e9par\u00e9 par le groupe \u00e0 la fin de la messe et du fameux&nbsp;<b>repas \u00ab&nbsp;spectacle&nbsp;\u00bb, \u00e0 19h,&nbsp;&nbsp;<\/b>pr\u00e9par\u00e9 par les Compagnons T1.<\/div>\n<p>Cette ann\u00e9e, l\u2019\u00e9quipe est compos\u00e9e d\u2019Eva Sourisseau, Alicia Toston Lamm, Paul de Saintignon, J\u00e9r\u00e9mie Etienne et de Clotilde Jolivet.<\/p>\n<p>Ce repas, comme toujours convivial, permettra de r\u00e9colter des fonds pour financer notre projet solidaire de deuxi\u00e8me ann\u00e9e.<\/p>\n<p>Ainsi, afin de mieux pr\u00e9parer le repas, nous souhaiterions conna\u00eetre le nombre de couverts par famille&nbsp;et les r\u00e9gimes et allergies alimentaires sp\u00e9cifiques.<\/p>\n<p>Voici le lien d\u2019inscription&nbsp;:<\/p>\n<p><a id=\"LPlnk997039\" href=\"https:\/\/docs.google.com\/forms\/d\/e\/1FAIpQLSdbSbBAcP81hFSbdvjNp5MQJ_aPzXhsAgbPKAA0owsTv4VX6Q\/viewform\" target=\"_blank\" rel=\"noopener noreferrer\" data-auth=\"NotApplicable\">https:\/\/docs.google.com\/forms\/d\/e\/1FAIpQLSdbSbBAcP81hFSbdvjNp5MQJ_aPzXhsAgbPKAA0owsTv4VX6Q\/viewform<\/a><\/p>\n<p>Le repas s\u2019\u00e9l\u00e8vera \u00e0 10\u20ac pour les parents et les rouges, 7\u20ac pour les bleus et 5\u20ac pour les farfadets et orange.<\/p>\n<p>Il sera possible de r\u00e9gler le repas par ch\u00e8que \u00e0 l\u2019ordre du groupe (SGDF Rangueil) lors de votre arriv\u00e9e. Nous aurons une table devant la salle o\u00f9 vous pourrez r\u00e9gler&nbsp;<u>mais aussi<\/u>, acheter des confitures et bi\u00e8res de No\u00ebl.<\/p>\n<p><strong>En tant que bons scouts, respectueux de l\u2019environnement, nous vous demanderons d\u2019apporter vos couverts (dont cuill\u00e8res \u00e0 soupe), bols et\/ou assiettes creuses et verres&nbsp;!<\/strong><\/p>\n<div>Nous vous attendons nombreux<\/div>\n<div>pour partager ce moment chaleureux et festif&nbsp;!!<\/div>\n<p>&nbsp;<\/p>\n<p>Eva, Alicia, Paul, J\u00e9r\u00e9mie et Clotilde<\/p>\n","protected":false},"excerpt":{"rendered":"<p>Bonjour \u00e0 tous, No\u00ebl approche\u2026 Tout comme la&nbsp;f\u00eate de l\u2019\u00e9piphanie&nbsp;du groupe, le19 janvier 2019&nbsp;!<\/p>\n","protected":false},"author":1,"featured_media":2382,"comment_status":"open","ping_status":"open","sticky":false,"template":"","format":"standard","meta":[],"categories":[19,58],"tags":[],"_links":{"self":[{"href":"https:\/\/sgdf-rangueil.fr\/index.php?rest_route=\/wp\/v2\/posts\/2381"}],"collection":[{"href":"https:\/\/sgdf-rangueil.fr\/index.php?rest_route=\/wp\/v2\/posts"}],"about":[{"href":"https:\/\/sgdf-rangueil.fr\/index.php?rest_route=\/wp\/v2\/types\/post"}],"author":[{"embeddable":true,"href":"https:\/\/sgdf-rangueil.fr\/index.php?rest_route=\/wp\/v2\/users\/1"}],"replies":[{"embeddable":true,"href":"https:\/\/sgdf-rangueil.fr\/index.php?rest_route=%2Fwp%2Fv2%2Fcomments&post=2381"}],"version-history":[{"count":2,"href":"https:\/\/sgdf-rangueil.fr\/index.php?rest_route=\/wp\/v2\/posts\/2381\/revisions"}],"predecessor-version":[{"id":2384,"href":"https:\/\/sgdf-rangueil.fr\/index.php?rest_route=\/wp\/v2\/posts\/2381\/revisions\/2384"}],"wp:featuredmedia":[{"embeddable":true,"href":"https:\/\/sgdf-rangueil.fr\/index.php?rest_route=\/wp\/v2\/media\/2382"}],"wp:attachment":[{"href":"https:\/\/sgdf-rangueil.fr\/index.php?rest_route=%2Fwp%2Fv2%2Fmedia&parent=2381"}],"wp:term":[{"taxonomy":"category","embeddable":true,"href":"https:\/\/sgdf-rangueil.fr\/index.php?rest_route=%2Fwp%2Fv2%2Fcategories&post=2381"},{"taxonomy":"post_tag","embeddable":true,"href":"https:\/\/sgdf-rangueil.fr\/index.php?rest_route=%2Fwp%2Fv2%2Ftags&post=2381"}],"curies":[{"name":"wp","href":"https:\/\/api.w.org\/{rel}","templated":true}]}}