{"id":1988,"date":"2018-09-01T11:52:10","date_gmt":"2018-09-01T09:52:10","guid":{"rendered":"http:\/\/sgdf-rangueil.fr\/?p=1988"},"modified":"2018-09-01T11:52:26","modified_gmt":"2018-09-01T09:52:26","slug":"rentree-paroissiale-dimanche-16-septembre-2018","status":"publish","type":"post","link":"https:\/\/sgdf-rangueil.fr\/?p=1988","title":{"rendered":"Rentr\u00e9e paroissiale Dimanche 16 Septembre 2018"},"content":{"rendered":"<p>Bonjour \u00e0 tous,<\/p>\n<p>La rentr\u00e9e paroissiale aura lieu le Dimanche 16 Septembre.<\/p>\n<p><!--more--><\/p>\n<p>Voici le d\u00e9roul\u00e9 de la journ\u00e9e :<\/p>\n<ul>\n<li>10h15 : messe de rentr\u00e9e de la paroisse<\/li>\n<li>midi : pique-niqueavec les parents<\/li>\n<li>13h : retour photo sur les camps<\/li>\n<li>14h30 : r\u00e9union dans les nouvelles unit\u00e9s pour les enfants. R\u00e9union parents<\/li>\n<li>16h : fin de la journ\u00e9e<\/li>\n<\/ul>\n","protected":false},"excerpt":{"rendered":"<p>Bonjour \u00e0 tous, La rentr\u00e9e paroissiale aura lieu le Dimanche 16 Septembre.<\/p>\n","protected":false},"author":2,"featured_media":1883,"comment_status":"open","ping_status":"open","sticky":false,"template":"","format":"standard","meta":[],"categories":[58],"tags":[],"_links":{"self":[{"href":"https:\/\/sgdf-rangueil.fr\/index.php?rest_route=\/wp\/v2\/posts\/1988"}],"collection":[{"href":"https:\/\/sgdf-rangueil.fr\/index.php?rest_route=\/wp\/v2\/posts"}],"about":[{"href":"https:\/\/sgdf-rangueil.fr\/index.php?rest_route=\/wp\/v2\/types\/post"}],"author":[{"embeddable":true,"href":"https:\/\/sgdf-rangueil.fr\/index.php?rest_route=\/wp\/v2\/users\/2"}],"replies":[{"embeddable":true,"href":"https:\/\/sgdf-rangueil.fr\/index.php?rest_route=%2Fwp%2Fv2%2Fcomments&post=1988"}],"version-history":[{"count":1,"href":"https:\/\/sgdf-rangueil.fr\/index.php?rest_route=\/wp\/v2\/posts\/1988\/revisions"}],"predecessor-version":[{"id":1989,"href":"https:\/\/sgdf-rangueil.fr\/index.php?rest_route=\/wp\/v2\/posts\/1988\/revisions\/1989"}],"wp:featuredmedia":[{"embeddable":true,"href":"https:\/\/sgdf-rangueil.fr\/index.php?rest_route=\/wp\/v2\/media\/1883"}],"wp:attachment":[{"href":"https:\/\/sgdf-rangueil.fr\/index.php?rest_route=%2Fwp%2Fv2%2Fmedia&parent=1988"}],"wp:term":[{"taxonomy":"category","embeddable":true,"href":"https:\/\/sgdf-rangueil.fr\/index.php?rest_route=%2Fwp%2Fv2%2Fcategories&post=1988"},{"taxonomy":"post_tag","embeddable":true,"href":"https:\/\/sgdf-rangueil.fr\/index.php?rest_route=%2Fwp%2Fv2%2Ftags&post=1988"}],"curies":[{"name":"wp","href":"https:\/\/api.w.org\/{rel}","templated":true}]}}