{"id":1145,"date":"2018-06-13T17:00:40","date_gmt":"2018-06-13T15:00:40","guid":{"rendered":"http:\/\/sgdf-rangueil.fr\/?p=1145"},"modified":"2019-08-10T09:33:19","modified_gmt":"2019-08-10T07:33:19","slug":"inscriptions-2018-2019","status":"publish","type":"post","link":"https:\/\/sgdf-rangueil.fr\/?p=1145","title":{"rendered":"Inscriptions 2018-2019"},"content":{"rendered":"<p><strong>Mise \u00e0 jour 26\/08\/2018 : Ajout des documents.<\/strong><\/p>\n<p>Les inscriptions 2018-2019 auront lieu aux dates suivantes aux locaux :<\/p>\n<p><!--more--><\/p>\n<ul>\n<li>Jeudi 30 Ao\u00fbt de 17h \u00e0 19h<\/li>\n<li>Vendrfedi 31 Ao\u00fbt de 17h \u00e0 19h<\/li>\n<li>Samedi 1er septembre de 13h30 \u00e0 17h<\/li>\n<\/ul>\n<p>Les documents n\u00e9cessaires \u00e0 une inscription sont :<\/p>\n<ul>\n<li>le <a href=\"http:\/\/sgdf-rangueil.fr\/wp-content\/uploads\/2018\/07\/Bulletin-adh\u00e9sion-vierge.pdf\">Bulletin adh\u00e9sion vierge<\/a>&nbsp;rempli et sign\u00e9.<\/li>\n<li>une photo du jeune.<\/li>\n<li>la <a href=\"http:\/\/sgdf-rangueil.fr\/wp-content\/uploads\/2018\/07\/fiche-sanitaire-de-liaison.pdf\">fiche sanitaire de liaison<\/a> remplie et sign\u00e9e.<\/li>\n<li>le r\u00e8glement :\n<ul>\n<li>le paiement de la cotisation, son montant d\u00e9pend de votre quotient familial.<\/li>\n<li>9\u20ac (optionnel) si vous souhaitez recevoir les publications SGDF adapt\u00e9es \u00e0 l\u2019age de l\u2019enfant.<\/li>\n<li>15 \u20ac pour la participation aux frais du groupe.<\/li>\n<li>30\u20ac pour la participation au WE des Mont\u00e9es (de pr\u00e9f\u00e9rence via un ch\u00e8que s\u00e9par\u00e9) qui aura lieu le 29\/30 Septembre \u00e0 Lourdes.<\/li>\n<\/ul>\n<\/li>\n<\/ul>\n<p>Cette ann\u00e9e, vous recevrez courant Ao\u00fbt par mail&nbsp; une fiche d&rsquo;inscription pr\u00e9-remplie avec les informations connues.<br \/>\nN&rsquo;oubliez pas de la mettre \u00e0 jour&#8230;<\/p>\n<p>L&rsquo;\u00e9quipe de groupe<\/p>\n","protected":false},"excerpt":{"rendered":"<p>Mise \u00e0 jour 26\/08\/2018 : Ajout des documents. Les inscriptions 2018-2019 auront lieu aux dates suivantes aux locaux :<\/p>\n","protected":false},"author":2,"featured_media":1150,"comment_status":"open","ping_status":"open","sticky":false,"template":"","format":"standard","meta":[],"categories":[58,24],"tags":[56],"_links":{"self":[{"href":"https:\/\/sgdf-rangueil.fr\/index.php?rest_route=\/wp\/v2\/posts\/1145"}],"collection":[{"href":"https:\/\/sgdf-rangueil.fr\/index.php?rest_route=\/wp\/v2\/posts"}],"about":[{"href":"https:\/\/sgdf-rangueil.fr\/index.php?rest_route=\/wp\/v2\/types\/post"}],"author":[{"embeddable":true,"href":"https:\/\/sgdf-rangueil.fr\/index.php?rest_route=\/wp\/v2\/users\/2"}],"replies":[{"embeddable":true,"href":"https:\/\/sgdf-rangueil.fr\/index.php?rest_route=%2Fwp%2Fv2%2Fcomments&post=1145"}],"version-history":[{"count":12,"href":"https:\/\/sgdf-rangueil.fr\/index.php?rest_route=\/wp\/v2\/posts\/1145\/revisions"}],"predecessor-version":[{"id":2843,"href":"https:\/\/sgdf-rangueil.fr\/index.php?rest_route=\/wp\/v2\/posts\/1145\/revisions\/2843"}],"wp:featuredmedia":[{"embeddable":true,"href":"https:\/\/sgdf-rangueil.fr\/index.php?rest_route=\/wp\/v2\/media\/1150"}],"wp:attachment":[{"href":"https:\/\/sgdf-rangueil.fr\/index.php?rest_route=%2Fwp%2Fv2%2Fmedia&parent=1145"}],"wp:term":[{"taxonomy":"category","embeddable":true,"href":"https:\/\/sgdf-rangueil.fr\/index.php?rest_route=%2Fwp%2Fv2%2Fcategories&post=1145"},{"taxonomy":"post_tag","embeddable":true,"href":"https:\/\/sgdf-rangueil.fr\/index.php?rest_route=%2Fwp%2Fv2%2Ftags&post=1145"}],"curies":[{"name":"wp","href":"https:\/\/api.w.org\/{rel}","templated":true}]}}