{"id":1078,"date":"2018-01-06T16:00:10","date_gmt":"2018-01-06T15:00:10","guid":{"rendered":"http:\/\/sgdf-rangueil.fr\/?p=1078"},"modified":"2018-09-01T11:44:59","modified_gmt":"2018-09-01T09:44:59","slug":"fete-de-lepiphanie-2018","status":"publish","type":"post","link":"https:\/\/sgdf-rangueil.fr\/?p=1078","title":{"rendered":"F\u00eate de l&rsquo;\u00e9piphanie 2018"},"content":{"rendered":"<div>D\u00e9roul\u00e9 de la journ\u00e9e :<\/div>\n<div>\n<ul>\n<li style=\"list-style-type: none;\">\n<ul>\n<li><u>14h30<\/u>\u00a0: Rendez-vous au local pour les jeunes.<\/li>\n<\/ul>\n<\/li>\n<\/ul>\n<ul>\n<li style=\"list-style-type: none;\">\n<ul>\n<li><u>17h30<\/u>\u00a0: Messe pour toute la famille<\/li>\n<\/ul>\n<\/li>\n<\/ul>\n<ul>\n<li style=\"list-style-type: none;\">\n<ul>\n<li style=\"list-style-type: none;\">\n<ul>\n<li>La messe est organis\u00e9e par Aymeric, Anne et Nicolas<\/li>\n<\/ul>\n<\/li>\n<\/ul>\n<\/li>\n<\/ul>\n<ul>\n<li style=\"list-style-type: none;\">\n<ul>\n<li style=\"list-style-type: none;\">\n<ul>\n<li>Tous les musiciens (d\u00e9butants ou confirm\u00e9s) du groupe peuvent contacter Anne de Saintignon (<span dir=\"ltr\" aria-label=\"Envoyer e-mail\"><a href=\"mailto:anne-tls31@hotmail.fr\" target=\"_blank\" rel=\"noopener\">anne-tls31@hotmail.fr<\/a>\u00a0&#8211; 06 70 37 52 95<\/span>) pour participer \u00e0 l&rsquo;animation de la messe.<\/li>\n<\/ul>\n<\/li>\n<\/ul>\n<\/li>\n<\/ul>\n<ul>\n<li style=\"list-style-type: none;\">\n<ul>\n<li><u>19h00<\/u>\u00a0:\u00a0<strong>Traditionnel repas\u00a0de l\u2019\u00c9piphanie<\/strong>.<\/li>\n<\/ul>\n<\/li>\n<\/ul>\n<ul>\n<li style=\"list-style-type: none;\">\n<ul>\n<li style=\"list-style-type: none;\">\n<ul>\n<li>\n<div>Concoct\u00e9 par les Compagnons 1er temps: Adrien, Baptiste, Cl\u00e9ment, Cl\u00e9ment, Fran\u00e7ois, Hugo, Thibault et l&rsquo;aide des acompas Guy et Th\u00e9r\u00e8se Lipens.<\/div>\n<\/li>\n<\/ul>\n<\/li>\n<\/ul>\n<\/li>\n<\/ul>\n<ul>\n<li style=\"list-style-type: none;\">\n<ul>\n<li style=\"list-style-type: none;\">\n<ul>\n<li>\n<div>Inscription avant le 6 janvier sur ce lien :\u00a0<a href=\"https:\/\/goo.gl\/forms\/L1rH4EAo4LTZZxIT2\" target=\"_blank\" rel=\"noopener noreferrer\">https:\/\/goo.gl\/forms\/L1rH4EAo4LTZZxIT2<\/a><\/div>\n<\/li>\n<\/ul>\n<\/li>\n<\/ul>\n<\/li>\n<\/ul>\n<ul>\n<li style=\"list-style-type: none;\">\n<ul>\n<li style=\"list-style-type: none;\">\n<ul>\n<li>\n<div>Venez pour vous r\u00e9galer\u00a0et soutenir leur projet solidaire.<\/div>\n<\/li>\n<\/ul>\n<\/li>\n<\/ul>\n<\/li>\n<\/ul>\n<ul>\n<li style=\"list-style-type: none;\">\n<ul>\n<li>Soir\u00e9e spectacle par les diff\u00e9rentes unit\u00e9s.<\/li>\n<\/ul>\n<\/li>\n<\/ul>\n<div>Amiti\u00e9s Scoutes<\/div>\n<\/div>\n","protected":false},"excerpt":{"rendered":"<p>D\u00e9roul\u00e9 de la journ\u00e9e : 14h30\u00a0: Rendez-vous au local pour les jeunes. 17h30\u00a0: Messe pour toute la famille La messe est organis\u00e9e par Aymeric, Anne et Nicolas Tous les musiciens (d\u00e9butants ou confirm\u00e9s) du groupe peuvent contacter Anne de Saintignon<\/p>\n","protected":false},"author":2,"featured_media":1079,"comment_status":"open","ping_status":"open","sticky":false,"template":"","format":"standard","meta":[],"categories":[58,24],"tags":[],"_links":{"self":[{"href":"https:\/\/sgdf-rangueil.fr\/index.php?rest_route=\/wp\/v2\/posts\/1078"}],"collection":[{"href":"https:\/\/sgdf-rangueil.fr\/index.php?rest_route=\/wp\/v2\/posts"}],"about":[{"href":"https:\/\/sgdf-rangueil.fr\/index.php?rest_route=\/wp\/v2\/types\/post"}],"author":[{"embeddable":true,"href":"https:\/\/sgdf-rangueil.fr\/index.php?rest_route=\/wp\/v2\/users\/2"}],"replies":[{"embeddable":true,"href":"https:\/\/sgdf-rangueil.fr\/index.php?rest_route=%2Fwp%2Fv2%2Fcomments&post=1078"}],"version-history":[{"count":3,"href":"https:\/\/sgdf-rangueil.fr\/index.php?rest_route=\/wp\/v2\/posts\/1078\/revisions"}],"predecessor-version":[{"id":1116,"href":"https:\/\/sgdf-rangueil.fr\/index.php?rest_route=\/wp\/v2\/posts\/1078\/revisions\/1116"}],"wp:featuredmedia":[{"embeddable":true,"href":"https:\/\/sgdf-rangueil.fr\/index.php?rest_route=\/wp\/v2\/media\/1079"}],"wp:attachment":[{"href":"https:\/\/sgdf-rangueil.fr\/index.php?rest_route=%2Fwp%2Fv2%2Fmedia&parent=1078"}],"wp:term":[{"taxonomy":"category","embeddable":true,"href":"https:\/\/sgdf-rangueil.fr\/index.php?rest_route=%2Fwp%2Fv2%2Fcategories&post=1078"},{"taxonomy":"post_tag","embeddable":true,"href":"https:\/\/sgdf-rangueil.fr\/index.php?rest_route=%2Fwp%2Fv2%2Ftags&post=1078"}],"curies":[{"name":"wp","href":"https:\/\/api.w.org\/{rel}","templated":true}]}}